{"id":9433,"date":"2024-12-14T11:36:41","date_gmt":"2024-12-14T11:36:41","guid":{"rendered":"https:\/\/osnabruecker-bergrennen.de\/?p=9433"},"modified":"2024-12-14T11:47:16","modified_gmt":"2024-12-14T11:47:16","slug":"europameisterschaft-beim-57-bergrennen-in-osnabrueck","status":"publish","type":"post","link":"https:\/\/osnabruecker-bergrennen.de\/en\/europameisterschaft-beim-57-bergrennen-in-osnabrueck\/","title":{"rendered":"European Championship at the 57th Int. Hill Climb Race Osnabr\u00fcck"},"content":{"rendered":"<div data-elementor-type=\"wp-post\" data-elementor-id=\"9433\" class=\"elementor elementor-9433\" data-elementor-post-type=\"post\">\n\t\t\t\t\t\t<section class=\"elementor-section elementor-top-section elementor-element elementor-element-e81de41 elementor-section-boxed elementor-section-height-default elementor-section-height-default\" data-id=\"e81de41\" data-element_type=\"section\">\n\t\t\t\t\t\t<div class=\"elementor-container elementor-column-gap-default\">\n\t\t\t\t\t<div class=\"elementor-column elementor-col-100 elementor-top-column elementor-element elementor-element-a7f945c\" data-id=\"a7f945c\" data-element_type=\"column\">\n\t\t\t<div class=\"elementor-widget-wrap elementor-element-populated\">\n\t\t\t\t\t\t<div class=\"elementor-element elementor-element-04f6016 elementor-widget elementor-widget-image\" data-id=\"04f6016\" data-element_type=\"widget\" data-widget_type=\"image.default\">\n\t\t\t\t<div class=\"elementor-widget-container\">\n\t\t\t\t\t\t\t\t\t\t\t\t\t\t\t<img fetchpriority=\"high\" decoding=\"async\" width=\"591\" height=\"381\" src=\"https:\/\/osnabruecker-bergrennen.de\/wp-content\/uploads\/2024\/12\/DEFLOGO_FIA_HillClimb_Europ.jpg\" class=\"attachment-medium_large size-medium_large wp-image-9434\" alt=\"\" srcset=\"https:\/\/osnabruecker-bergrennen.de\/wp-content\/uploads\/2024\/12\/DEFLOGO_FIA_HillClimb_Europ.jpg 591w, https:\/\/osnabruecker-bergrennen.de\/wp-content\/uploads\/2024\/12\/DEFLOGO_FIA_HillClimb_Europ-300x193.jpg 300w, https:\/\/osnabruecker-bergrennen.de\/wp-content\/uploads\/2024\/12\/DEFLOGO_FIA_HillClimb_Europ-18x12.jpg 18w\" sizes=\"(max-width: 591px) 100vw, 591px\" \/>\t\t\t\t\t\t\t\t\t\t\t\t\t\t\t<\/div>\n\t\t\t\t<\/div>\n\t\t\t\t<div class=\"elementor-element elementor-element-c5522df elementor-widget elementor-widget-text-editor\" data-id=\"c5522df\" data-element_type=\"widget\" data-widget_type=\"text-editor.default\">\n\t\t\t\t<div class=\"elementor-widget-container\">\n\t\t\t\t\t\t\t\t\t<p>The Motorsport Club Osnabr\u00fcck e.V. is proud to announce that the Int. 57th ADAC Hill Climb Race Osnabr\u00fcck on 1\u20133 August 2025 will be part of the FIA European Hill Climb Championship (EHC) calendar in 2025,<\/p><p>as confirmed by the World Motor Sport Council of the International Automobile Federation (FIA) at its recent meeting in Kigali, capital of Rwanda in East Africa. <em>World Motor Sport Council<\/em> des Automobilsport-Weltverbandes FIA hat in seiner j\u00fcngsten Sitzung in der Hauptstadt des ostafrikanischen Staates Ruanda, Kigali, den Kalender f\u00fcr die Europa-Bergmeisterschaft 2025 final best\u00e4tigt und ver\u00f6ffentlicht.<\/p><p>This will be the first time that the Uph\u00f6fener Berg event in northern Germany, which was held for the first time in 1968, will host a round of Europe\u2019s premier hill climb series. The fastest drivers on the continent will battle for thousandths of a second and valuable championship points in the 8th of 11 rounds in the 2025 calendar.<\/p>\t\t\t\t\t\t\t\t<\/div>\n\t\t\t\t<\/div>\n\t\t\t\t\t<\/div>\n\t\t<\/div>\n\t\t\t\t\t<\/div>\n\t\t<\/section>\n\t\t\t\t<\/div>","protected":false},"excerpt":{"rendered":"<p>Der Motorsport Club Osnabr\u00fcck e.V. ist au\u00dferordentlich gl\u00fccklich und stolz, dass vom 1. \u2013 3. August 2025 anl\u00e4sslich des 57. Int. Osnabr\u00fccker ADAC Bergrennen erstmals in der Geschichte der seit 1968 ausgetragenen Veranstaltung ein Wertungslauf zur Europa-Bergmeisterschaft stattfinden wird. Das World Motor Sport Council des Automobilsport-Weltverbandes FIA hat in seiner j\u00fcngsten Sitzung in der Hauptstadt [&hellip;]<\/p>","protected":false},"author":3,"featured_media":9434,"comment_status":"closed","ping_status":"open","sticky":false,"template":"","format":"standard","meta":{"footnotes":""},"categories":[1],"tags":[],"class_list":["post-9433","post","type-post","status-publish","format-standard","has-post-thumbnail","hentry","category-bergrennen"],"aioseo_notices":[],"_links":{"self":[{"href":"https:\/\/osnabruecker-bergrennen.de\/en\/wp-json\/wp\/v2\/posts\/9433","targetHints":{"allow":["GET"]}}],"collection":[{"href":"https:\/\/osnabruecker-bergrennen.de\/en\/wp-json\/wp\/v2\/posts"}],"about":[{"href":"https:\/\/osnabruecker-bergrennen.de\/en\/wp-json\/wp\/v2\/types\/post"}],"author":[{"embeddable":true,"href":"https:\/\/osnabruecker-bergrennen.de\/en\/wp-json\/wp\/v2\/users\/3"}],"replies":[{"embeddable":true,"href":"https:\/\/osnabruecker-bergrennen.de\/en\/wp-json\/wp\/v2\/comments?post=9433"}],"version-history":[{"count":0,"href":"https:\/\/osnabruecker-bergrennen.de\/en\/wp-json\/wp\/v2\/posts\/9433\/revisions"}],"wp:featuredmedia":[{"embeddable":true,"href":"https:\/\/osnabruecker-bergrennen.de\/en\/wp-json\/wp\/v2\/media\/9434"}],"wp:attachment":[{"href":"https:\/\/osnabruecker-bergrennen.de\/en\/wp-json\/wp\/v2\/media?parent=9433"}],"wp:term":[{"taxonomy":"category","embeddable":true,"href":"https:\/\/osnabruecker-bergrennen.de\/en\/wp-json\/wp\/v2\/categories?post=9433"},{"taxonomy":"post_tag","embeddable":true,"href":"https:\/\/osnabruecker-bergrennen.de\/en\/wp-json\/wp\/v2\/tags?post=9433"}],"curies":[{"name":"wp","href":"https:\/\/api.w.org\/{rel}","templated":true}]}}