{"id":7589,"date":"2023-02-08T18:28:53","date_gmt":"2023-02-08T18:28:53","guid":{"rendered":"https:\/\/osnabruecker-bergrennen.de\/?p=7589"},"modified":"2023-02-08T18:35:23","modified_gmt":"2023-02-08T18:35:23","slug":"neuer-schneller-porsche-aus-belgien-am-berg","status":"publish","type":"post","link":"https:\/\/osnabruecker-bergrennen.de\/en\/neuer-schneller-porsche-aus-belgien-am-berg\/","title":{"rendered":"<strong>New fast Porsche from Belgium<\/strong>"},"content":{"rendered":"<div data-elementor-type=\"wp-post\" data-elementor-id=\"7589\" class=\"elementor elementor-7589\" data-elementor-post-type=\"post\">\n\t\t\t\t\t\t<section class=\"elementor-section elementor-top-section elementor-element elementor-element-60abb31 elementor-section-boxed elementor-section-height-default elementor-section-height-default\" data-id=\"60abb31\" data-element_type=\"section\">\n\t\t\t\t\t\t<div class=\"elementor-container elementor-column-gap-default\">\n\t\t\t\t\t<div class=\"elementor-column elementor-col-100 elementor-top-column elementor-element elementor-element-1e34b03\" data-id=\"1e34b03\" data-element_type=\"column\">\n\t\t\t<div class=\"elementor-widget-wrap elementor-element-populated\">\n\t\t\t\t\t\t<div class=\"elementor-element elementor-element-6039e22 elementor-widget elementor-widget-image\" data-id=\"6039e22\" data-element_type=\"widget\" data-widget_type=\"image.default\">\n\t\t\t\t<div class=\"elementor-widget-container\">\n\t\t\t\t\t\t\t\t\t\t\t\t\t\t\t<img decoding=\"async\" src=\"https:\/\/osnabruecker-bergrennen.de\/wp-content\/uploads\/2023\/02\/Porsche-992-GT3-Loic-Cordier-BEL.jpg\" title=\"\" alt=\"\" loading=\"lazy\" \/>\t\t\t\t\t\t\t\t\t\t\t\t\t\t\t<\/div>\n\t\t\t\t<\/div>\n\t\t\t\t<div class=\"elementor-element elementor-element-9c9d18f elementor-widget elementor-widget-text-editor\" data-id=\"9c9d18f\" data-element_type=\"widget\" data-widget_type=\"text-editor.default\">\n\t\t\t\t<div class=\"elementor-widget-container\">\n\t\t\t\t\t\t\t\t\t<p>Mit einem neuen Boliden wird der Belgier Loic Cordier die Rennsaison 2023 in Angriff nehmen. Vor kurzem wurde im Rahmen einer Pr\u00e4sentation sein neuer Porsche 992 GT3 Cup der \u00d6ffentlichkeit vorgestellt. Mit diesem Boliden wird er neben der nationalen Meisterschaft auch wieder einige L\u00e4ufe zur franz\u00f6sischen Bergmeisterschaft absolvieren \u2013 und nach seinem ersten Gastspiel im Jahr 2021 am 5.\/6. August mit diesem spektakul\u00e4ren Fahrzeug beim 55. Int. Osnabr\u00fccker Bergrennen an den Start gehen.<\/p>\t\t\t\t\t\t\t\t<\/div>\n\t\t\t\t<\/div>\n\t\t\t\t\t<\/div>\n\t\t<\/div>\n\t\t\t\t\t<\/div>\n\t\t<\/section>\n\t\t\t\t<\/div>","protected":false},"excerpt":{"rendered":"<p>Lo\u00efc Cordier from Belgium will be racing a new car in the 2023 season. He recently presented his new Porsche 992 GT3 Cup to the wider public. He is planning to race this spectacular car in the Belgian championship, in a few rounds of the French championship \u2013 and at the Int. 55th Hill Climb Race Osnabr\u00fcck on 4-6 August, following his first appearance at Uph\u00f6fener Berg in 2021<\/p>","protected":false},"author":3,"featured_media":0,"comment_status":"closed","ping_status":"open","sticky":false,"template":"","format":"standard","meta":{"footnotes":""},"categories":[1],"tags":[],"class_list":["post-7589","post","type-post","status-publish","format-standard","hentry","category-bergrennen"],"aioseo_notices":[],"_links":{"self":[{"href":"https:\/\/osnabruecker-bergrennen.de\/en\/wp-json\/wp\/v2\/posts\/7589","targetHints":{"allow":["GET"]}}],"collection":[{"href":"https:\/\/osnabruecker-bergrennen.de\/en\/wp-json\/wp\/v2\/posts"}],"about":[{"href":"https:\/\/osnabruecker-bergrennen.de\/en\/wp-json\/wp\/v2\/types\/post"}],"author":[{"embeddable":true,"href":"https:\/\/osnabruecker-bergrennen.de\/en\/wp-json\/wp\/v2\/users\/3"}],"replies":[{"embeddable":true,"href":"https:\/\/osnabruecker-bergrennen.de\/en\/wp-json\/wp\/v2\/comments?post=7589"}],"version-history":[{"count":0,"href":"https:\/\/osnabruecker-bergrennen.de\/en\/wp-json\/wp\/v2\/posts\/7589\/revisions"}],"wp:attachment":[{"href":"https:\/\/osnabruecker-bergrennen.de\/en\/wp-json\/wp\/v2\/media?parent=7589"}],"wp:term":[{"taxonomy":"category","embeddable":true,"href":"https:\/\/osnabruecker-bergrennen.de\/en\/wp-json\/wp\/v2\/categories?post=7589"},{"taxonomy":"post_tag","embeddable":true,"href":"https:\/\/osnabruecker-bergrennen.de\/en\/wp-json\/wp\/v2\/tags?post=7589"}],"curies":[{"name":"wp","href":"https:\/\/api.w.org\/{rel}","templated":true}]}}