{"id":6588,"date":"2022-10-24T12:39:34","date_gmt":"2022-10-24T12:39:34","guid":{"rendered":"https:\/\/osnabruecker-bergrennen.de\/?p=6588"},"modified":"2023-01-24T09:20:44","modified_gmt":"2023-01-24T09:20:44","slug":"osella-fa-30-ein-koenigsfahrzeug-am-berg","status":"publish","type":"post","link":"https:\/\/osnabruecker-bergrennen.de\/en\/osella-fa-30-ein-koenigsfahrzeug-am-berg\/","title":{"rendered":"OSELLA FA 30 \u2013 EIN \u201eK\u00d6NIGSFAHRZEUG\u201c AM BERG"},"content":{"rendered":"<div data-elementor-type=\"wp-post\" data-elementor-id=\"6588\" class=\"elementor elementor-6588\" data-elementor-post-type=\"post\">\n\t\t\t\t\t\t<section class=\"elementor-section elementor-top-section elementor-element elementor-element-740c6b0 elementor-section-boxed elementor-section-height-default elementor-section-height-default\" data-id=\"740c6b0\" data-element_type=\"section\">\n\t\t\t\t\t\t<div class=\"elementor-container elementor-column-gap-default\">\n\t\t\t\t\t<div class=\"elementor-column elementor-col-100 elementor-top-column elementor-element elementor-element-53f7301\" data-id=\"53f7301\" data-element_type=\"column\">\n\t\t\t<div class=\"elementor-widget-wrap elementor-element-populated\">\n\t\t\t\t\t\t<div class=\"elementor-element elementor-element-2487382 elementor-widget elementor-widget-image\" data-id=\"2487382\" data-element_type=\"widget\" data-widget_type=\"image.default\">\n\t\t\t\t<div class=\"elementor-widget-container\">\n\t\t\t\t\t\t\t\t\t\t\t\t\t\t\t<img decoding=\"async\" src=\"https:\/\/osnabruecker-bergrennen.de\/wp-content\/uploads\/2022\/10\/csm_Robin_Faustini_Osella_FA_30_a3b691e640.jpg\" title=\"\" alt=\"\" loading=\"lazy\" \/>\t\t\t\t\t\t\t\t\t\t\t\t\t\t\t<\/div>\n\t\t\t\t<\/div>\n\t\t\t\t<div class=\"elementor-element elementor-element-3aa6ccf elementor-widget elementor-widget-text-editor\" data-id=\"3aa6ccf\" data-element_type=\"widget\" data-widget_type=\"text-editor.default\">\n\t\t\t\t<div class=\"elementor-widget-container\">\n\t\t\t\t\t\t\t\t\t<p>Nicht nur zu den schnellsten, sondern auch zu den optisch ganz besonderen Boliden bei Bergrennen z\u00e4hlt der Osella FA 30 \u2013 ein Sportwagen, der vor Jahren in der ber\u00fchmten gleichnamigen Rennwagenschmiede in der N\u00e4he von Turin in Italien eigens f\u00fcr den Bergrennsport entwickelt und aufgebaut wurde. Gleichzeitig waren und sind maximal bis zu 10 Fahrzeuge des Typs in Europa in den verschiedenen nationalen und internationalen Meisterschaften im Einsatz. Auch beim diesj\u00e4hrigen 54. Int. Osnabr\u00fccker Bergrennen 6.\/7. August darf man wieder ein paar dieser sound- und leistungsstarken einsitzigen Rennwagen erwarten, die dann sicherlich auch ganz vorne im Klassement dabei sein werden. Seine Zusage hat dabei bereits der junge Schweizer Pilot Robin Faustini gegeben. Nach seinem erfolgreichen Deb\u00fct im vergangenen Jahr mit einem sensationellen Gesamtsieg beim bekannten Schweizer Bergrennen in Oberhallau, welches erst der dritte Start mit dem Fahrzeug war, m\u00f6chte Robin Faustini in diesem Jahr seinen gl\u00e4nzenden 4. Platz in Osnabr\u00fcck dieses Mal noch verbessern. Sein Fahrzeug, dass auch im Logo des diesj\u00e4hrigen Int. Osnabr\u00fccker Bergrennens Platz gefunden hat, wird sicher auch Anlaufpunkt zahlreicher Fans im Fahrerlager sein.<\/p>\t\t\t\t\t\t\t\t<\/div>\n\t\t\t\t<\/div>\n\t\t\t\t\t<\/div>\n\t\t<\/div>\n\t\t\t\t\t<\/div>\n\t\t<\/section>\n\t\t\t\t<\/div>","protected":false},"excerpt":{"rendered":"<p>Nicht nur zu den schnellsten, sondern auch zu den optisch ganz besonderen Boliden bei Bergrennen z\u00e4hlt der Osella FA 30 \u2013 ein Sportwagen, der vor Jahren in der ber\u00fchmten gleichnamigen Rennwagenschmiede in der N\u00e4he von Turin in Italien eigens f\u00fcr den Bergrennsport entwickelt und aufgebaut wurde. Gleichzeitig waren und sind maximal bis zu 10 Fahrzeuge [&hellip;]<\/p>","protected":false},"author":3,"featured_media":0,"comment_status":"closed","ping_status":"closed","sticky":false,"template":"","format":"standard","meta":{"footnotes":""},"categories":[1],"tags":[],"class_list":["post-6588","post","type-post","status-publish","format-standard","hentry","category-bergrennen"],"aioseo_notices":[],"_links":{"self":[{"href":"https:\/\/osnabruecker-bergrennen.de\/en\/wp-json\/wp\/v2\/posts\/6588","targetHints":{"allow":["GET"]}}],"collection":[{"href":"https:\/\/osnabruecker-bergrennen.de\/en\/wp-json\/wp\/v2\/posts"}],"about":[{"href":"https:\/\/osnabruecker-bergrennen.de\/en\/wp-json\/wp\/v2\/types\/post"}],"author":[{"embeddable":true,"href":"https:\/\/osnabruecker-bergrennen.de\/en\/wp-json\/wp\/v2\/users\/3"}],"replies":[{"embeddable":true,"href":"https:\/\/osnabruecker-bergrennen.de\/en\/wp-json\/wp\/v2\/comments?post=6588"}],"version-history":[{"count":0,"href":"https:\/\/osnabruecker-bergrennen.de\/en\/wp-json\/wp\/v2\/posts\/6588\/revisions"}],"wp:attachment":[{"href":"https:\/\/osnabruecker-bergrennen.de\/en\/wp-json\/wp\/v2\/media?parent=6588"}],"wp:term":[{"taxonomy":"category","embeddable":true,"href":"https:\/\/osnabruecker-bergrennen.de\/en\/wp-json\/wp\/v2\/categories?post=6588"},{"taxonomy":"post_tag","embeddable":true,"href":"https:\/\/osnabruecker-bergrennen.de\/en\/wp-json\/wp\/v2\/tags?post=6588"}],"curies":[{"name":"wp","href":"https:\/\/api.w.org\/{rel}","templated":true}]}}